{"id":427,"date":"2024-09-21T00:00:00","date_gmt":"2024-09-21T00:00:00","guid":{"rendered":"https:\/\/bytom.smdweb.pl\/zespol-mlodziezowy\/"},"modified":"2024-09-21T00:00:00","modified_gmt":"2024-09-21T00:00:00","slug":"zespol-mlodziezowy","status":"publish","type":"post","link":"https:\/\/bytom.kapucyni.pl\/nowa\/zespol-mlodziezowy\/","title":{"rendered":"Zesp\u00f3\u0142 m\u0142odzie\u017cowy"},"content":{"rendered":"<p>M\u0142odzie\u017cowy Zesp\u00f3\u0142 Muzyczny dzia\u0142a w parafii ju\u017c od wielu lat. Tworz\u0105 go zar\u00f3wno amatorzy jak i osoby, kt\u00f3re kszta\u0142c\u0105 si\u0119 w kierunku muzycznym. Zesp\u00f3\u0142 uczestniczy zazwyczaj w niedzielnych Mszach \u015bwi\u0119tych o godzinie 19.00, s\u0142u\u017c\u0105c \u015bpiewem. Szczeg\u00f3lnym czasem zaanga\u017cowania si\u0119 m\u0142odych s\u0105 ponadto \u015awi\u0119ta Wielkanocne, w czasie kt\u00f3rych wielokrotnie rozbrzmiewa w naszej \u015bwi\u0105tyni wielog\u0142osowy \u015bpiew, tak wa\u017cny w prze\u017cyciu Triduum Paschalnego. W repertuarze Zespo\u0142u M\u0142odzie\u017cowego znajduj\u0105 si\u0119 utwory bardzo zr\u00f3\u017cnicowane: czterog\u0142osowe pie\u015bni liturgiczne, utwory uwielbieniowe, czy inne, zaczerpni\u0119te od popularnych zespo\u0142\u00f3w chrze\u015bcija\u0144skich.\u00a0Od 2018 roku Zespo\u0142em zajmuje si\u0119 Magdalena Kaczmarek. Pr\u00f3by odbywaj\u0105 si\u0119 w niedziel\u0119 o godz. 18.00, przed Msz\u0105 \u015bw. wieczorn\u0105. Wszyscy ch\u0119tni do wsp\u00f3lnego \u015bpiewu s\u0105 serdecznie zaproszeni!<\/p>\n<p dir=\"ltr\"><strong>Wielka rado\u015b\u0107 mo\u017ce spotka\u0107 tego, kto modli si\u0119 \u015bpiewem z lud\u017ami, kt\u00f3rych kocha!<\/strong><\/p>\n<p dir=\"ltr\">Kontakt do prowadz\u0105cej Zesp\u00f3\u0142 Magdaleny Kaczmarek: 790 545 153<\/p>\n","protected":false},"excerpt":{"rendered":"<p>M\u0142odzie\u017cowy Zesp\u00f3\u0142 Muzyczny dzia\u0142a w parafii ju\u017c od wielu lat. Tworz\u0105 go zar\u00f3wno amatorzy jak i osoby, kt\u00f3re kszta\u0142c\u0105 si\u0119 w kierunku muzycznym. Zesp\u00f3\u0142 uczestniczy zazwyczaj w niedzielnych Mszach \u015bwi\u0119tych o godzinie 19.00, s\u0142u\u017c\u0105c \u015bpiewem. Szczeg\u00f3lnym czasem zaanga\u017cowania si\u0119 m\u0142odych s\u0105 ponadto \u015awi\u0119ta Wielkanocne, w czasie kt\u00f3rych wielokrotnie rozbrzmiewa w naszej \u015bwi\u0105tyni wielog\u0142osowy \u015bpiew, tak [&hellip;]<\/p>\n","protected":false},"author":1,"featured_media":0,"comment_status":"open","ping_status":"open","sticky":false,"template":"","format":"standard","meta":{"_acf_changed":false,"_uag_custom_page_level_css":"","footnotes":""},"categories":[9],"tags":[],"class_list":["post-427","post","type-post","status-publish","format-standard","hentry","category-zywy-kosciol"],"acf":[],"uagb_featured_image_src":{"full":false,"thumbnail":false,"medium":false,"medium_large":false,"large":false,"1536x1536":false,"2048x2048":false},"uagb_author_info":{"display_name":"admin","author_link":"https:\/\/bytom.kapucyni.pl\/nowa\/author\/admin\/"},"uagb_comment_info":0,"uagb_excerpt":"M\u0142odzie\u017cowy Zesp\u00f3\u0142 Muzyczny dzia\u0142a w parafii ju\u017c od wielu lat. Tworz\u0105 go zar\u00f3wno amatorzy jak i osoby, kt\u00f3re kszta\u0142c\u0105 si\u0119 w kierunku muzycznym. Zesp\u00f3\u0142 uczestniczy zazwyczaj w niedzielnych Mszach \u015bwi\u0119tych o godzinie 19.00, s\u0142u\u017c\u0105c \u015bpiewem. Szczeg\u00f3lnym czasem zaanga\u017cowania si\u0119 m\u0142odych s\u0105 ponadto \u015awi\u0119ta Wielkanocne, w czasie kt\u00f3rych wielokrotnie rozbrzmiewa w naszej \u015bwi\u0105tyni wielog\u0142osowy \u015bpiew, tak&hellip;","_links":{"self":[{"href":"https:\/\/bytom.kapucyni.pl\/nowa\/wp-json\/wp\/v2\/posts\/427","targetHints":{"allow":["GET"]}}],"collection":[{"href":"https:\/\/bytom.kapucyni.pl\/nowa\/wp-json\/wp\/v2\/posts"}],"about":[{"href":"https:\/\/bytom.kapucyni.pl\/nowa\/wp-json\/wp\/v2\/types\/post"}],"author":[{"embeddable":true,"href":"https:\/\/bytom.kapucyni.pl\/nowa\/wp-json\/wp\/v2\/users\/1"}],"replies":[{"embeddable":true,"href":"https:\/\/bytom.kapucyni.pl\/nowa\/wp-json\/wp\/v2\/comments?post=427"}],"version-history":[{"count":0,"href":"https:\/\/bytom.kapucyni.pl\/nowa\/wp-json\/wp\/v2\/posts\/427\/revisions"}],"wp:attachment":[{"href":"https:\/\/bytom.kapucyni.pl\/nowa\/wp-json\/wp\/v2\/media?parent=427"}],"wp:term":[{"taxonomy":"category","embeddable":true,"href":"https:\/\/bytom.kapucyni.pl\/nowa\/wp-json\/wp\/v2\/categories?post=427"},{"taxonomy":"post_tag","embeddable":true,"href":"https:\/\/bytom.kapucyni.pl\/nowa\/wp-json\/wp\/v2\/tags?post=427"}],"curies":[{"name":"wp","href":"https:\/\/api.w.org\/{rel}","templated":true}]}}